{"id":7533,"date":"2022-06-29T10:02:34","date_gmt":"2022-06-29T08:02:34","guid":{"rendered":"https:\/\/www.synikia.eu\/?p=7533"},"modified":"2022-09-09T13:16:14","modified_gmt":"2022-09-09T11:16:14","slug":"et-innblikk-i-friedrich-inhauser-strasse-demonstrasjonsnabolaget-vart-i-salzburg","status":"publish","type":"post","link":"https:\/\/www.synikia.eu\/no\/et-innblikk-i-friedrich-inhauser-strasse-demonstrasjonsnabolaget-vart-i-salzburg\/","title":{"rendered":"Et innblikk i Friedrich-Inhauser-Strasse, demonabolaget v\u00e5rt i Salzburg."},"content":{"rendered":"<!-- AddThis Advanced Settings generic via filter on the_content --><!-- AddThis Share Buttons generic via filter on the_content -->","protected":false},"excerpt":{"rendered":"<p><!-- AddThis Advanced Settings generic via filter on get_the_excerpt --><!-- AddThis Share Buttons generic via filter on get_the_excerpt --><\/p>\n","protected":false},"author":129,"featured_media":0,"comment_status":"closed","ping_status":"closed","sticky":false,"template":"","format":"standard","meta":{"_acf_changed":false,"_bbp_topic_count":0,"_bbp_reply_count":0,"_bbp_total_topic_count":0,"_bbp_total_reply_count":0,"_bbp_voice_count":0,"_bbp_anonymous_reply_count":0,"_bbp_topic_count_hidden":0,"_bbp_reply_count_hidden":0,"_bbp_forum_subforum_count":0,"footnotes":""},"categories":[49],"tags":[],"resource-types":[],"class_list":["post-7533","post","type-post","status-publish","format-standard","hentry","category-uncategorized-no"],"acf":[],"yoast_head":"<!-- This site is optimized with the Yoast SEO plugin v26.7 - https:\/\/yoast.com\/wordpress\/plugins\/seo\/ -->\n<title>Et innblikk i Friedrich-Inhauser-Strasse, demonabolaget v\u00e5rt i Salzburg. - syn.ikia<\/title>\n<meta name=\"robots\" content=\"noindex, follow\" \/>\n<meta property=\"og:locale\" content=\"nb_NO\" \/>\n<meta property=\"og:type\" content=\"article\" \/>\n<meta property=\"og:title\" content=\"Et innblikk i Friedrich-Inhauser-Strasse, demonabolaget v\u00e5rt i Salzburg. - syn.ikia\" \/>\n<meta property=\"og:url\" content=\"https:\/\/www.synikia.eu\/no\/et-innblikk-i-friedrich-inhauser-strasse-demonstrasjonsnabolaget-vart-i-salzburg\/\" \/>\n<meta property=\"og:site_name\" content=\"syn.ikia\" \/>\n<meta property=\"article:published_time\" content=\"2022-06-29T08:02:34+00:00\" \/>\n<meta property=\"article:modified_time\" content=\"2022-09-09T11:16:14+00:00\" \/>\n<meta name=\"author\" content=\"Katinka S\u00e6tersdal Rem\u00f8e\" \/>\n<meta name=\"twitter:card\" content=\"summary_large_image\" \/>\n<meta name=\"twitter:label1\" content=\"Skrevet av\" \/>\n\t<meta name=\"twitter:data1\" content=\"Katinka S\u00e6tersdal Rem\u00f8e\" \/>\n<script type=\"application\/ld+json\" class=\"yoast-schema-graph\">{\"@context\":\"https:\/\/schema.org\",\"@graph\":[{\"@type\":\"Article\",\"@id\":\"https:\/\/www.synikia.eu\/no\/et-innblikk-i-friedrich-inhauser-strasse-demonstrasjonsnabolaget-vart-i-salzburg\/#article\",\"isPartOf\":{\"@id\":\"https:\/\/www.synikia.eu\/no\/et-innblikk-i-friedrich-inhauser-strasse-demonstrasjonsnabolaget-vart-i-salzburg\/\"},\"author\":{\"name\":\"Katinka S\u00e6tersdal Rem\u00f8e\",\"@id\":\"https:\/\/www.synikia.eu\/no\/#\/schema\/person\/4ed7400e926c05b43bfeeb436a4d0968\"},\"headline\":\"Et innblikk i Friedrich-Inhauser-Strasse, demonabolaget v\u00e5rt i Salzburg.\",\"datePublished\":\"2022-06-29T08:02:34+00:00\",\"dateModified\":\"2022-09-09T11:16:14+00:00\",\"mainEntityOfPage\":{\"@id\":\"https:\/\/www.synikia.eu\/no\/et-innblikk-i-friedrich-inhauser-strasse-demonstrasjonsnabolaget-vart-i-salzburg\/\"},\"wordCount\":9,\"articleSection\":[\"Uncategorized @no\"],\"inLanguage\":\"nb-NO\"},{\"@type\":\"WebPage\",\"@id\":\"https:\/\/www.synikia.eu\/no\/et-innblikk-i-friedrich-inhauser-strasse-demonstrasjonsnabolaget-vart-i-salzburg\/\",\"url\":\"https:\/\/www.synikia.eu\/no\/et-innblikk-i-friedrich-inhauser-strasse-demonstrasjonsnabolaget-vart-i-salzburg\/\",\"name\":\"Et innblikk i Friedrich-Inhauser-Strasse, demonabolaget v\u00e5rt i Salzburg. - syn.ikia\",\"isPartOf\":{\"@id\":\"https:\/\/www.synikia.eu\/no\/#website\"},\"datePublished\":\"2022-06-29T08:02:34+00:00\",\"dateModified\":\"2022-09-09T11:16:14+00:00\",\"author\":{\"@id\":\"https:\/\/www.synikia.eu\/no\/#\/schema\/person\/4ed7400e926c05b43bfeeb436a4d0968\"},\"breadcrumb\":{\"@id\":\"https:\/\/www.synikia.eu\/no\/et-innblikk-i-friedrich-inhauser-strasse-demonstrasjonsnabolaget-vart-i-salzburg\/#breadcrumb\"},\"inLanguage\":\"nb-NO\",\"potentialAction\":[{\"@type\":\"ReadAction\",\"target\":[\"https:\/\/www.synikia.eu\/no\/et-innblikk-i-friedrich-inhauser-strasse-demonstrasjonsnabolaget-vart-i-salzburg\/\"]}]},{\"@type\":\"BreadcrumbList\",\"@id\":\"https:\/\/www.synikia.eu\/no\/et-innblikk-i-friedrich-inhauser-strasse-demonstrasjonsnabolaget-vart-i-salzburg\/#breadcrumb\",\"itemListElement\":[{\"@type\":\"ListItem\",\"position\":1,\"name\":\"Home\",\"item\":\"https:\/\/www.synikia.eu\/no\/\"},{\"@type\":\"ListItem\",\"position\":2,\"name\":\"Et innblikk i Friedrich-Inhauser-Strasse, demonabolaget v\u00e5rt i Salzburg.\"}]},{\"@type\":\"WebSite\",\"@id\":\"https:\/\/www.synikia.eu\/no\/#website\",\"url\":\"https:\/\/www.synikia.eu\/no\/\",\"name\":\"syn.ikia\",\"description\":\"Sustainable Plus Energy Neighbourhoods\",\"potentialAction\":[{\"@type\":\"SearchAction\",\"target\":{\"@type\":\"EntryPoint\",\"urlTemplate\":\"https:\/\/www.synikia.eu\/no\/?s={search_term_string}\"},\"query-input\":{\"@type\":\"PropertyValueSpecification\",\"valueRequired\":true,\"valueName\":\"search_term_string\"}}],\"inLanguage\":\"nb-NO\"},{\"@type\":\"Person\",\"@id\":\"https:\/\/www.synikia.eu\/no\/#\/schema\/person\/4ed7400e926c05b43bfeeb436a4d0968\",\"name\":\"Katinka S\u00e6tersdal Rem\u00f8e\",\"image\":{\"@type\":\"ImageObject\",\"inLanguage\":\"nb-NO\",\"@id\":\"https:\/\/www.synikia.eu\/no\/#\/schema\/person\/image\/\",\"url\":\"https:\/\/www.synikia.eu\/wp-content\/uploads\/2021\/10\/Katinka-Saetersdal-Remoe_avatar.png\",\"contentUrl\":\"https:\/\/www.synikia.eu\/wp-content\/uploads\/2021\/10\/Katinka-Saetersdal-Remoe_avatar.png\",\"caption\":\"Katinka S\u00e6tersdal Rem\u00f8e\"},\"description\":\"Katinka is Communication Adviser in the Research Centre on Zero Emission Neighbourhoods in Smart Cities (FME ZEN) at the Department of Architecture and Technology, NTNU. She is responsible for implementing the centre\u2019s communication strategy and for following up communication activities. In syn.ikia, she works specifically with communicating the project and its results to a Norwegian audience. She has a background in Globalization (M.Sc.), European Studies with French (B.A.), English and Digital Media (Digital Media Skills Certificate, UC Berkeley).\"}]}<\/script>\n<!-- \/ Yoast SEO plugin. -->","yoast_head_json":{"title":"Et innblikk i Friedrich-Inhauser-Strasse, demonabolaget v\u00e5rt i Salzburg. - syn.ikia","robots":{"index":"noindex","follow":"follow"},"og_locale":"nb_NO","og_type":"article","og_title":"Et innblikk i Friedrich-Inhauser-Strasse, demonabolaget v\u00e5rt i Salzburg. - syn.ikia","og_url":"https:\/\/www.synikia.eu\/no\/et-innblikk-i-friedrich-inhauser-strasse-demonstrasjonsnabolaget-vart-i-salzburg\/","og_site_name":"syn.ikia","article_published_time":"2022-06-29T08:02:34+00:00","article_modified_time":"2022-09-09T11:16:14+00:00","author":"Katinka S\u00e6tersdal Rem\u00f8e","twitter_card":"summary_large_image","twitter_misc":{"Skrevet av":"Katinka S\u00e6tersdal Rem\u00f8e"},"schema":{"@context":"https:\/\/schema.org","@graph":[{"@type":"Article","@id":"https:\/\/www.synikia.eu\/no\/et-innblikk-i-friedrich-inhauser-strasse-demonstrasjonsnabolaget-vart-i-salzburg\/#article","isPartOf":{"@id":"https:\/\/www.synikia.eu\/no\/et-innblikk-i-friedrich-inhauser-strasse-demonstrasjonsnabolaget-vart-i-salzburg\/"},"author":{"name":"Katinka S\u00e6tersdal Rem\u00f8e","@id":"https:\/\/www.synikia.eu\/no\/#\/schema\/person\/4ed7400e926c05b43bfeeb436a4d0968"},"headline":"Et innblikk i Friedrich-Inhauser-Strasse, demonabolaget v\u00e5rt i Salzburg.","datePublished":"2022-06-29T08:02:34+00:00","dateModified":"2022-09-09T11:16:14+00:00","mainEntityOfPage":{"@id":"https:\/\/www.synikia.eu\/no\/et-innblikk-i-friedrich-inhauser-strasse-demonstrasjonsnabolaget-vart-i-salzburg\/"},"wordCount":9,"articleSection":["Uncategorized @no"],"inLanguage":"nb-NO"},{"@type":"WebPage","@id":"https:\/\/www.synikia.eu\/no\/et-innblikk-i-friedrich-inhauser-strasse-demonstrasjonsnabolaget-vart-i-salzburg\/","url":"https:\/\/www.synikia.eu\/no\/et-innblikk-i-friedrich-inhauser-strasse-demonstrasjonsnabolaget-vart-i-salzburg\/","name":"Et innblikk i Friedrich-Inhauser-Strasse, demonabolaget v\u00e5rt i Salzburg. - syn.ikia","isPartOf":{"@id":"https:\/\/www.synikia.eu\/no\/#website"},"datePublished":"2022-06-29T08:02:34+00:00","dateModified":"2022-09-09T11:16:14+00:00","author":{"@id":"https:\/\/www.synikia.eu\/no\/#\/schema\/person\/4ed7400e926c05b43bfeeb436a4d0968"},"breadcrumb":{"@id":"https:\/\/www.synikia.eu\/no\/et-innblikk-i-friedrich-inhauser-strasse-demonstrasjonsnabolaget-vart-i-salzburg\/#breadcrumb"},"inLanguage":"nb-NO","potentialAction":[{"@type":"ReadAction","target":["https:\/\/www.synikia.eu\/no\/et-innblikk-i-friedrich-inhauser-strasse-demonstrasjonsnabolaget-vart-i-salzburg\/"]}]},{"@type":"BreadcrumbList","@id":"https:\/\/www.synikia.eu\/no\/et-innblikk-i-friedrich-inhauser-strasse-demonstrasjonsnabolaget-vart-i-salzburg\/#breadcrumb","itemListElement":[{"@type":"ListItem","position":1,"name":"Home","item":"https:\/\/www.synikia.eu\/no\/"},{"@type":"ListItem","position":2,"name":"Et innblikk i Friedrich-Inhauser-Strasse, demonabolaget v\u00e5rt i Salzburg."}]},{"@type":"WebSite","@id":"https:\/\/www.synikia.eu\/no\/#website","url":"https:\/\/www.synikia.eu\/no\/","name":"syn.ikia","description":"Sustainable Plus Energy Neighbourhoods","potentialAction":[{"@type":"SearchAction","target":{"@type":"EntryPoint","urlTemplate":"https:\/\/www.synikia.eu\/no\/?s={search_term_string}"},"query-input":{"@type":"PropertyValueSpecification","valueRequired":true,"valueName":"search_term_string"}}],"inLanguage":"nb-NO"},{"@type":"Person","@id":"https:\/\/www.synikia.eu\/no\/#\/schema\/person\/4ed7400e926c05b43bfeeb436a4d0968","name":"Katinka S\u00e6tersdal Rem\u00f8e","image":{"@type":"ImageObject","inLanguage":"nb-NO","@id":"https:\/\/www.synikia.eu\/no\/#\/schema\/person\/image\/","url":"https:\/\/www.synikia.eu\/wp-content\/uploads\/2021\/10\/Katinka-Saetersdal-Remoe_avatar.png","contentUrl":"https:\/\/www.synikia.eu\/wp-content\/uploads\/2021\/10\/Katinka-Saetersdal-Remoe_avatar.png","caption":"Katinka S\u00e6tersdal Rem\u00f8e"},"description":"Katinka is Communication Adviser in the Research Centre on Zero Emission Neighbourhoods in Smart Cities (FME ZEN) at the Department of Architecture and Technology, NTNU. She is responsible for implementing the centre\u2019s communication strategy and for following up communication activities. In syn.ikia, she works specifically with communicating the project and its results to a Norwegian audience. She has a background in Globalization (M.Sc.), European Studies with French (B.A.), English and Digital Media (Digital Media Skills Certificate, UC Berkeley)."}]}},"_links":{"self":[{"href":"https:\/\/www.synikia.eu\/no\/wp-json\/wp\/v2\/posts\/7533","targetHints":{"allow":["GET"]}}],"collection":[{"href":"https:\/\/www.synikia.eu\/no\/wp-json\/wp\/v2\/posts"}],"about":[{"href":"https:\/\/www.synikia.eu\/no\/wp-json\/wp\/v2\/types\/post"}],"author":[{"embeddable":true,"href":"https:\/\/www.synikia.eu\/no\/wp-json\/wp\/v2\/users\/129"}],"replies":[{"embeddable":true,"href":"https:\/\/www.synikia.eu\/no\/wp-json\/wp\/v2\/comments?post=7533"}],"version-history":[{"count":3,"href":"https:\/\/www.synikia.eu\/no\/wp-json\/wp\/v2\/posts\/7533\/revisions"}],"predecessor-version":[{"id":7623,"href":"https:\/\/www.synikia.eu\/no\/wp-json\/wp\/v2\/posts\/7533\/revisions\/7623"}],"wp:attachment":[{"href":"https:\/\/www.synikia.eu\/no\/wp-json\/wp\/v2\/media?parent=7533"}],"wp:term":[{"taxonomy":"category","embeddable":true,"href":"https:\/\/www.synikia.eu\/no\/wp-json\/wp\/v2\/categories?post=7533"},{"taxonomy":"post_tag","embeddable":true,"href":"https:\/\/www.synikia.eu\/no\/wp-json\/wp\/v2\/tags?post=7533"},{"taxonomy":"resource-types","embeddable":true,"href":"https:\/\/www.synikia.eu\/no\/wp-json\/wp\/v2\/resource-types?post=7533"}],"curies":[{"name":"wp","href":"https:\/\/api.w.org\/{rel}","templated":true}]}}